{"id":22146,"date":"2021-11-09T08:00:00","date_gmt":"2021-11-09T08:00:00","guid":{"rendered":"https:\/\/www.norsafe.pt\/?p=22146"},"modified":"2021-11-11T12:04:41","modified_gmt":"2021-11-11T12:04:41","slug":"protetor-auditivo-qual-devo-usar","status":"publish","type":"post","link":"https:\/\/earsnorsafe.ftpweb.dev\/en\/protetor-auditivo-qual-devo-usar\/","title":{"rendered":"Hearing protection. Which one should I use?"},"content":{"rendered":"<p>There is a range of personal protective equipment that is mandatory depending on the industry. One of these is hearing protection, which is designed to protect workers from harmful noise in their working environment. According to European regulations 2003\/10 \/ EC, hearing protection is mandatory whenever the noise level in the worker's environment exceeds 85 decibels.<\/p>\n<p><strong>\u00a0\u00a0\u00a0\u00a0\u00a0\u00a0\u00a0 What is it for?<\/strong><\/p>\n<p>The use of hearing protection contributes greatly to eliminating or reducing noise levels, helping to reduce the risk of serious hearing damage.<\/p>\n<p><strong>\u00a0\u00a0\u00a0\u00a0\u00a0\u00a0\u00a0 What types of hearing protectors are there?<\/strong><\/p>\n<ol>\n<li>Earplugs<\/li>\n<\/ol>\n<p>Earplugs are designed to be inserted into the ear canal. They can be disposable or reusable.<\/p>\n<p>The reusable ones can be washed after use. Both come with a drawstring (to go around the head) or without.<\/p>\n<p>Disposable earplugs are usually made of polyurethane (PU) foam, specially designed for protection in cases of prolonged exposure. The material is soft and smooth, ensuring easy insertion.<\/p>\n<p><strong>Advantages<\/strong><\/p>\n<p>Comfortable: Adapts to the unique shape of the ear canal<\/p>\n<p>Affordable: Low price per pair<\/p>\n<p>Effective: Loud noise reduction when used correctly<\/p>\n<p><img loading=\"lazy\" decoding=\"async\" class=\"alignnone size-medium wp-image-12993\" src=\"https:\/\/www.norsafe.pt\/wp-content\/uploads\/2021\/04\/7800_1_NSF-300x300.jpg\" alt=\"\" width=\"300\" height=\"300\" \/><\/p>\n<p>Example: Moldex Disposable Plug S\/Wire 35DB<\/p>\n<p>The reusable ones are made of TPE (Thermoplastic Polypropylene Elastomer).<\/p>\n<p><strong>Advantages<\/strong><\/p>\n<p>Less waste: Can be reused many times<\/p>\n<p>Economic: Less frequent replacement for greater monetary compensation in the long term<\/p>\n<p>Versatile: The material is not absorbent. It works well in humid conditions or with heavy perspiration.<\/p>\n<p><img loading=\"lazy\" decoding=\"async\" class=\"alignnone size-medium wp-image-10980\" src=\"https:\/\/www.norsafe.pt\/wp-content\/uploads\/2021\/03\/6400-10-300x300.jpg\" alt=\"\" width=\"300\" height=\"300\" \/><\/p>\n<p>Example: Moldex Reusable Plug S\/Wire 30D<\/p>\n<ol start=\"2\">\n<li>Earplugs<\/li>\n<\/ol>\n<p>The ear protectors consist of a headband with 2 earphones. They can be connected to a protective helmet if necessary. It is the ideal protection against intermittent noise or for people who cannot adapt to earplugs comfortably and safely. They are also washable.<\/p>\n<p><strong>Advantages<\/strong><\/p>\n<p>Easy to use: Most people use them without difficulty<\/p>\n<p>Practical: Quickly insert and remove hearing protection as required<\/p>\n<p>Alternative to earplugs: Some people can't, or prefer not to, use earplugs<\/p>\n<p><img loading=\"lazy\" decoding=\"async\" class=\"alignnone size-medium wp-image-11169\" src=\"https:\/\/www.norsafe.pt\/wp-content\/uploads\/2021\/03\/RUMOR20IV_1-2-300x300.jpg\" alt=\"\" width=\"300\" height=\"300\" \/><\/p>\n<p>Example: Rumor Protector IV SNR 25dB<\/p>\n<p>For both hearing protectors, the level of exposure must be taken into account. The main method of measuring the level of noise exposure is through an assessment. In this way, it is possible to observe the level of exposure that the employee is subjected to while carrying out their professional tasks.<\/p>\n<p>Depending on the level of exposure, the appropriate noise attenuation level is recommended.<\/p>\n<p><strong><u>Example:<\/u><\/strong><\/p>\n<p>Let's say you're in a factory with a noise level of 70 dB, you could wear a hearing protector with an attenuation of up to 35 dB. You would then hear +\/- 35 dB, which corresponds to the ambient noise\/sound of a quiet living room.  It's important to realize that the protector can attenuate up to a certain value of Decibels, and can be lower if the outside sounds are inconstant.<\/p>\n<p>It's important to note that using a hearing protector doesn't create the sensation that you'll stop hearing altogether, it simply reduces the sound to acceptable levels, protecting your health.<\/p>\n<p><strong><img loading=\"lazy\" decoding=\"async\" class=\"alignleft wp-image-22152\" src=\"https:\/\/www.norsafe.pt\/wp-content\/uploads\/2021\/11\/j-546x1024.png\" alt=\"\" width=\"404\" height=\"758\" srcset=\"https:\/\/earsnorsafe.ftpweb.dev\/wp-content\/uploads\/2021\/11\/j-546x1024.png 546w, https:\/\/earsnorsafe.ftpweb.dev\/wp-content\/uploads\/2021\/11\/j-160x300.png 160w, https:\/\/earsnorsafe.ftpweb.dev\/wp-content\/uploads\/2021\/11\/j-768x1440.png 768w, https:\/\/earsnorsafe.ftpweb.dev\/wp-content\/uploads\/2021\/11\/j-819x1536.png 819w, https:\/\/earsnorsafe.ftpweb.dev\/wp-content\/uploads\/2021\/11\/j-1092x2048.png 1092w, https:\/\/earsnorsafe.ftpweb.dev\/wp-content\/uploads\/2021\/11\/j-300x563.png 300w\" sizes=\"(max-width: 404px) 100vw, 404px\" \/><\/strong><\/p>\n<p><strong>Source: APSEI - Portuguese Security Association <\/strong><\/p>","protected":false},"excerpt":{"rendered":"<p>There is a range of personal protective equipment that is compulsory depending on the industry. One of them is the hearing protector, [...]<\/p>","protected":false},"author":3,"featured_media":22155,"comment_status":"open","ping_status":"open","sticky":false,"template":"","format":"standard","meta":{"footnotes":"","_joinchat":[]},"categories":[1421],"tags":[],"yoast_head":"<!-- This site is optimized with the Yoast SEO plugin v23.4 - https:\/\/yoast.com\/wordpress\/plugins\/seo\/ -->\n<title>Protetor Auditivo. Qual devo usar? - NorSafe<\/title>\n<meta name=\"robots\" content=\"index, follow, max-snippet:-1, max-image-preview:large, max-video-preview:-1\" \/>\n<link rel=\"canonical\" href=\"https:\/\/earsnorsafe.ftpweb.dev\/en\/protetor-auditivo-qual-devo-usar\/\" \/>\n<meta property=\"og:locale\" content=\"en_GB\" \/>\n<meta property=\"og:type\" content=\"article\" \/>\n<meta property=\"og:title\" content=\"Protetor Auditivo. Qual devo usar? - NorSafe\" \/>\n<meta property=\"og:description\" content=\"Existem diversos equipamentos de prote\u00e7\u00e3o individual obrigat\u00f3rios de acordo com o ramo de atividade. Um deles \u00e9 o protetor auditivo, [&hellip;]\" \/>\n<meta property=\"og:url\" content=\"https:\/\/earsnorsafe.ftpweb.dev\/en\/protetor-auditivo-qual-devo-usar\/\" \/>\n<meta property=\"og:site_name\" content=\"NorSafe\" \/>\n<meta property=\"article:publisher\" content=\"https:\/\/www.facebook.com\/Norsafe.pt\/\" \/>\n<meta property=\"article:published_time\" content=\"2021-11-09T08:00:00+00:00\" \/>\n<meta property=\"article:modified_time\" content=\"2021-11-11T12:04:41+00:00\" \/>\n<meta property=\"og:image\" content=\"https:\/\/earsnorsafe.ftpweb.dev\/wp-content\/uploads\/2021\/11\/Protetor-Auditivo_Qual-UsarV2.png\" \/>\n\t<meta property=\"og:image:width\" content=\"2695\" \/>\n\t<meta property=\"og:image:height\" content=\"2390\" \/>\n\t<meta property=\"og:image:type\" content=\"image\/png\" \/>\n<meta name=\"author\" content=\"Cl\u00e1udio Pedrosa\" \/>\n<meta name=\"twitter:card\" content=\"summary_large_image\" \/>\n<meta name=\"twitter:label1\" content=\"Written by\" \/>\n\t<meta name=\"twitter:data1\" content=\"Cl\u00e1udio Pedrosa\" \/>\n\t<meta name=\"twitter:label2\" content=\"Estimated reading time\" \/>\n\t<meta name=\"twitter:data2\" content=\"4 minutes\" \/>\n<script type=\"application\/ld+json\" class=\"yoast-schema-graph\">{\"@context\":\"https:\/\/schema.org\",\"@graph\":[{\"@type\":\"Article\",\"@id\":\"https:\/\/earsnorsafe.ftpweb.dev\/en\/protetor-auditivo-qual-devo-usar\/#article\",\"isPartOf\":{\"@id\":\"https:\/\/earsnorsafe.ftpweb.dev\/en\/protetor-auditivo-qual-devo-usar\/\"},\"author\":{\"name\":\"Cl\u00e1udio Pedrosa\",\"@id\":\"https:\/\/earsnorsafe.ftpweb.dev\/#\/schema\/person\/7ad40be093e6ca0dcac88c14763054d3\"},\"headline\":\"Protetor Auditivo. Qual devo usar?\",\"datePublished\":\"2021-11-09T08:00:00+00:00\",\"dateModified\":\"2021-11-11T12:04:41+00:00\",\"mainEntityOfPage\":{\"@id\":\"https:\/\/earsnorsafe.ftpweb.dev\/en\/protetor-auditivo-qual-devo-usar\/\"},\"wordCount\":600,\"commentCount\":0,\"publisher\":{\"@id\":\"https:\/\/earsnorsafe.ftpweb.dev\/#organization\"},\"image\":{\"@id\":\"https:\/\/earsnorsafe.ftpweb.dev\/en\/protetor-auditivo-qual-devo-usar\/#primaryimage\"},\"thumbnailUrl\":\"https:\/\/earsnorsafe.ftpweb.dev\/wp-content\/uploads\/2021\/11\/Protetor-Auditivo_Qual-UsarV2.png\",\"articleSection\":[\"Prote\u00e7\u00e3o Auditiva\"],\"inLanguage\":\"en-GB\",\"potentialAction\":[{\"@type\":\"CommentAction\",\"name\":\"Comment\",\"target\":[\"https:\/\/earsnorsafe.ftpweb.dev\/en\/protetor-auditivo-qual-devo-usar\/#respond\"]}]},{\"@type\":\"WebPage\",\"@id\":\"https:\/\/earsnorsafe.ftpweb.dev\/en\/protetor-auditivo-qual-devo-usar\/\",\"url\":\"https:\/\/earsnorsafe.ftpweb.dev\/en\/protetor-auditivo-qual-devo-usar\/\",\"name\":\"Protetor Auditivo. Qual devo usar? - NorSafe\",\"isPartOf\":{\"@id\":\"https:\/\/earsnorsafe.ftpweb.dev\/#website\"},\"primaryImageOfPage\":{\"@id\":\"https:\/\/earsnorsafe.ftpweb.dev\/en\/protetor-auditivo-qual-devo-usar\/#primaryimage\"},\"image\":{\"@id\":\"https:\/\/earsnorsafe.ftpweb.dev\/en\/protetor-auditivo-qual-devo-usar\/#primaryimage\"},\"thumbnailUrl\":\"https:\/\/earsnorsafe.ftpweb.dev\/wp-content\/uploads\/2021\/11\/Protetor-Auditivo_Qual-UsarV2.png\",\"datePublished\":\"2021-11-09T08:00:00+00:00\",\"dateModified\":\"2021-11-11T12:04:41+00:00\",\"breadcrumb\":{\"@id\":\"https:\/\/earsnorsafe.ftpweb.dev\/en\/protetor-auditivo-qual-devo-usar\/#breadcrumb\"},\"inLanguage\":\"en-GB\",\"potentialAction\":[{\"@type\":\"ReadAction\",\"target\":[\"https:\/\/earsnorsafe.ftpweb.dev\/en\/protetor-auditivo-qual-devo-usar\/\"]}]},{\"@type\":\"ImageObject\",\"inLanguage\":\"en-GB\",\"@id\":\"https:\/\/earsnorsafe.ftpweb.dev\/en\/protetor-auditivo-qual-devo-usar\/#primaryimage\",\"url\":\"https:\/\/earsnorsafe.ftpweb.dev\/wp-content\/uploads\/2021\/11\/Protetor-Auditivo_Qual-UsarV2.png\",\"contentUrl\":\"https:\/\/earsnorsafe.ftpweb.dev\/wp-content\/uploads\/2021\/11\/Protetor-Auditivo_Qual-UsarV2.png\",\"width\":2695,\"height\":2390},{\"@type\":\"BreadcrumbList\",\"@id\":\"https:\/\/earsnorsafe.ftpweb.dev\/en\/protetor-auditivo-qual-devo-usar\/#breadcrumb\",\"itemListElement\":[{\"@type\":\"ListItem\",\"position\":1,\"name\":\"Home\",\"item\":\"https:\/\/earsnorsafe.ftpweb.dev\/\"},{\"@type\":\"ListItem\",\"position\":2,\"name\":\"Protetor Auditivo. Qual devo usar?\"}]},{\"@type\":\"WebSite\",\"@id\":\"https:\/\/earsnorsafe.ftpweb.dev\/#website\",\"url\":\"https:\/\/earsnorsafe.ftpweb.dev\/\",\"name\":\"NorSafe\",\"description\":\"Equipamento de Prote\u00e7\u00e3o Individual (EPI)\",\"publisher\":{\"@id\":\"https:\/\/earsnorsafe.ftpweb.dev\/#organization\"},\"potentialAction\":[{\"@type\":\"SearchAction\",\"target\":{\"@type\":\"EntryPoint\",\"urlTemplate\":\"https:\/\/earsnorsafe.ftpweb.dev\/?s={search_term_string}\"},\"query-input\":{\"@type\":\"PropertyValueSpecification\",\"valueRequired\":true,\"valueName\":\"search_term_string\"}}],\"inLanguage\":\"en-GB\"},{\"@type\":\"Organization\",\"@id\":\"https:\/\/earsnorsafe.ftpweb.dev\/#organization\",\"name\":\"NORSAFE - We Protect\",\"url\":\"https:\/\/earsnorsafe.ftpweb.dev\/\",\"logo\":{\"@type\":\"ImageObject\",\"inLanguage\":\"en-GB\",\"@id\":\"https:\/\/earsnorsafe.ftpweb.dev\/#\/schema\/logo\/image\/\",\"url\":\"https:\/\/www.norsafe.pt\/wp-content\/uploads\/2021\/03\/Logo-NorSafe-Cor-Original.png\",\"contentUrl\":\"https:\/\/www.norsafe.pt\/wp-content\/uploads\/2021\/03\/Logo-NorSafe-Cor-Original.png\",\"width\":908,\"height\":603,\"caption\":\"NORSAFE - We Protect\"},\"image\":{\"@id\":\"https:\/\/earsnorsafe.ftpweb.dev\/#\/schema\/logo\/image\/\"},\"sameAs\":[\"https:\/\/www.facebook.com\/Norsafe.pt\/\",\"https:\/\/www.instagram.com\/norsafe.lda\",\"https:\/\/pt.linkedin.com\/company\/norsafe-lda\",\"https:\/\/www.youtube.com\/channel\/UCC93zqoQaAs2ugjBq9SeINA\"]},{\"@type\":\"Person\",\"@id\":\"https:\/\/earsnorsafe.ftpweb.dev\/#\/schema\/person\/7ad40be093e6ca0dcac88c14763054d3\",\"name\":\"Cl\u00e1udio Pedrosa\",\"image\":{\"@type\":\"ImageObject\",\"inLanguage\":\"en-GB\",\"@id\":\"https:\/\/earsnorsafe.ftpweb.dev\/#\/schema\/person\/image\/\",\"url\":\"https:\/\/secure.gravatar.com\/avatar\/439773712d6073d5db0336caba9b57c4?s=96&d=mm&r=g\",\"contentUrl\":\"https:\/\/secure.gravatar.com\/avatar\/439773712d6073d5db0336caba9b57c4?s=96&d=mm&r=g\",\"caption\":\"Cl\u00e1udio Pedrosa\"},\"url\":\"https:\/\/earsnorsafe.ftpweb.dev\/en\/author\/claudio\/\"}]}<\/script>\n<!-- \/ Yoast SEO plugin. -->","yoast_head_json":{"title":"Protetor Auditivo. Qual devo usar? - NorSafe","robots":{"index":"index","follow":"follow","max-snippet":"max-snippet:-1","max-image-preview":"max-image-preview:large","max-video-preview":"max-video-preview:-1"},"canonical":"https:\/\/earsnorsafe.ftpweb.dev\/en\/protetor-auditivo-qual-devo-usar\/","og_locale":"en_GB","og_type":"article","og_title":"Protetor Auditivo. Qual devo usar? - NorSafe","og_description":"Existem diversos equipamentos de prote\u00e7\u00e3o individual obrigat\u00f3rios de acordo com o ramo de atividade. Um deles \u00e9 o protetor auditivo, [&hellip;]","og_url":"https:\/\/earsnorsafe.ftpweb.dev\/en\/protetor-auditivo-qual-devo-usar\/","og_site_name":"NorSafe","article_publisher":"https:\/\/www.facebook.com\/Norsafe.pt\/","article_published_time":"2021-11-09T08:00:00+00:00","article_modified_time":"2021-11-11T12:04:41+00:00","og_image":[{"width":2695,"height":2390,"url":"https:\/\/earsnorsafe.ftpweb.dev\/wp-content\/uploads\/2021\/11\/Protetor-Auditivo_Qual-UsarV2.png","type":"image\/png"}],"author":"Cl\u00e1udio Pedrosa","twitter_card":"summary_large_image","twitter_misc":{"Written by":"Cl\u00e1udio Pedrosa","Estimated reading time":"4 minutes"},"schema":{"@context":"https:\/\/schema.org","@graph":[{"@type":"Article","@id":"https:\/\/earsnorsafe.ftpweb.dev\/en\/protetor-auditivo-qual-devo-usar\/#article","isPartOf":{"@id":"https:\/\/earsnorsafe.ftpweb.dev\/en\/protetor-auditivo-qual-devo-usar\/"},"author":{"name":"Cl\u00e1udio Pedrosa","@id":"https:\/\/earsnorsafe.ftpweb.dev\/#\/schema\/person\/7ad40be093e6ca0dcac88c14763054d3"},"headline":"Protetor Auditivo. Qual devo usar?","datePublished":"2021-11-09T08:00:00+00:00","dateModified":"2021-11-11T12:04:41+00:00","mainEntityOfPage":{"@id":"https:\/\/earsnorsafe.ftpweb.dev\/en\/protetor-auditivo-qual-devo-usar\/"},"wordCount":600,"commentCount":0,"publisher":{"@id":"https:\/\/earsnorsafe.ftpweb.dev\/#organization"},"image":{"@id":"https:\/\/earsnorsafe.ftpweb.dev\/en\/protetor-auditivo-qual-devo-usar\/#primaryimage"},"thumbnailUrl":"https:\/\/earsnorsafe.ftpweb.dev\/wp-content\/uploads\/2021\/11\/Protetor-Auditivo_Qual-UsarV2.png","articleSection":["Prote\u00e7\u00e3o Auditiva"],"inLanguage":"en-GB","potentialAction":[{"@type":"CommentAction","name":"Comment","target":["https:\/\/earsnorsafe.ftpweb.dev\/en\/protetor-auditivo-qual-devo-usar\/#respond"]}]},{"@type":"WebPage","@id":"https:\/\/earsnorsafe.ftpweb.dev\/en\/protetor-auditivo-qual-devo-usar\/","url":"https:\/\/earsnorsafe.ftpweb.dev\/en\/protetor-auditivo-qual-devo-usar\/","name":"Protetor Auditivo. Qual devo usar? - NorSafe","isPartOf":{"@id":"https:\/\/earsnorsafe.ftpweb.dev\/#website"},"primaryImageOfPage":{"@id":"https:\/\/earsnorsafe.ftpweb.dev\/en\/protetor-auditivo-qual-devo-usar\/#primaryimage"},"image":{"@id":"https:\/\/earsnorsafe.ftpweb.dev\/en\/protetor-auditivo-qual-devo-usar\/#primaryimage"},"thumbnailUrl":"https:\/\/earsnorsafe.ftpweb.dev\/wp-content\/uploads\/2021\/11\/Protetor-Auditivo_Qual-UsarV2.png","datePublished":"2021-11-09T08:00:00+00:00","dateModified":"2021-11-11T12:04:41+00:00","breadcrumb":{"@id":"https:\/\/earsnorsafe.ftpweb.dev\/en\/protetor-auditivo-qual-devo-usar\/#breadcrumb"},"inLanguage":"en-GB","potentialAction":[{"@type":"ReadAction","target":["https:\/\/earsnorsafe.ftpweb.dev\/en\/protetor-auditivo-qual-devo-usar\/"]}]},{"@type":"ImageObject","inLanguage":"en-GB","@id":"https:\/\/earsnorsafe.ftpweb.dev\/en\/protetor-auditivo-qual-devo-usar\/#primaryimage","url":"https:\/\/earsnorsafe.ftpweb.dev\/wp-content\/uploads\/2021\/11\/Protetor-Auditivo_Qual-UsarV2.png","contentUrl":"https:\/\/earsnorsafe.ftpweb.dev\/wp-content\/uploads\/2021\/11\/Protetor-Auditivo_Qual-UsarV2.png","width":2695,"height":2390},{"@type":"BreadcrumbList","@id":"https:\/\/earsnorsafe.ftpweb.dev\/en\/protetor-auditivo-qual-devo-usar\/#breadcrumb","itemListElement":[{"@type":"ListItem","position":1,"name":"Home","item":"https:\/\/earsnorsafe.ftpweb.dev\/"},{"@type":"ListItem","position":2,"name":"Protetor Auditivo. Qual devo usar?"}]},{"@type":"WebSite","@id":"https:\/\/earsnorsafe.ftpweb.dev\/#website","url":"https:\/\/earsnorsafe.ftpweb.dev\/","name":"NorSafe","description":"Equipamento de Prote\u00e7\u00e3o Individual (EPI)","publisher":{"@id":"https:\/\/earsnorsafe.ftpweb.dev\/#organization"},"potentialAction":[{"@type":"SearchAction","target":{"@type":"EntryPoint","urlTemplate":"https:\/\/earsnorsafe.ftpweb.dev\/?s={search_term_string}"},"query-input":{"@type":"PropertyValueSpecification","valueRequired":true,"valueName":"search_term_string"}}],"inLanguage":"en-GB"},{"@type":"Organization","@id":"https:\/\/earsnorsafe.ftpweb.dev\/#organization","name":"NORSAFE - We Protect","url":"https:\/\/earsnorsafe.ftpweb.dev\/","logo":{"@type":"ImageObject","inLanguage":"en-GB","@id":"https:\/\/earsnorsafe.ftpweb.dev\/#\/schema\/logo\/image\/","url":"https:\/\/www.norsafe.pt\/wp-content\/uploads\/2021\/03\/Logo-NorSafe-Cor-Original.png","contentUrl":"https:\/\/www.norsafe.pt\/wp-content\/uploads\/2021\/03\/Logo-NorSafe-Cor-Original.png","width":908,"height":603,"caption":"NORSAFE - We Protect"},"image":{"@id":"https:\/\/earsnorsafe.ftpweb.dev\/#\/schema\/logo\/image\/"},"sameAs":["https:\/\/www.facebook.com\/Norsafe.pt\/","https:\/\/www.instagram.com\/norsafe.lda","https:\/\/pt.linkedin.com\/company\/norsafe-lda","https:\/\/www.youtube.com\/channel\/UCC93zqoQaAs2ugjBq9SeINA"]},{"@type":"Person","@id":"https:\/\/earsnorsafe.ftpweb.dev\/#\/schema\/person\/7ad40be093e6ca0dcac88c14763054d3","name":"Cl\u00e1udio Pedrosa","image":{"@type":"ImageObject","inLanguage":"en-GB","@id":"https:\/\/earsnorsafe.ftpweb.dev\/#\/schema\/person\/image\/","url":"https:\/\/secure.gravatar.com\/avatar\/439773712d6073d5db0336caba9b57c4?s=96&d=mm&r=g","contentUrl":"https:\/\/secure.gravatar.com\/avatar\/439773712d6073d5db0336caba9b57c4?s=96&d=mm&r=g","caption":"Cl\u00e1udio Pedrosa"},"url":"https:\/\/earsnorsafe.ftpweb.dev\/en\/author\/claudio\/"}]}},"_links":{"self":[{"href":"https:\/\/earsnorsafe.ftpweb.dev\/en\/wp-json\/wp\/v2\/posts\/22146"}],"collection":[{"href":"https:\/\/earsnorsafe.ftpweb.dev\/en\/wp-json\/wp\/v2\/posts"}],"about":[{"href":"https:\/\/earsnorsafe.ftpweb.dev\/en\/wp-json\/wp\/v2\/types\/post"}],"author":[{"embeddable":true,"href":"https:\/\/earsnorsafe.ftpweb.dev\/en\/wp-json\/wp\/v2\/users\/3"}],"replies":[{"embeddable":true,"href":"https:\/\/earsnorsafe.ftpweb.dev\/en\/wp-json\/wp\/v2\/comments?post=22146"}],"version-history":[{"count":0,"href":"https:\/\/earsnorsafe.ftpweb.dev\/en\/wp-json\/wp\/v2\/posts\/22146\/revisions"}],"wp:featuredmedia":[{"embeddable":true,"href":"https:\/\/earsnorsafe.ftpweb.dev\/en\/wp-json\/wp\/v2\/media\/22155"}],"wp:attachment":[{"href":"https:\/\/earsnorsafe.ftpweb.dev\/en\/wp-json\/wp\/v2\/media?parent=22146"}],"wp:term":[{"taxonomy":"category","embeddable":true,"href":"https:\/\/earsnorsafe.ftpweb.dev\/en\/wp-json\/wp\/v2\/categories?post=22146"},{"taxonomy":"post_tag","embeddable":true,"href":"https:\/\/earsnorsafe.ftpweb.dev\/en\/wp-json\/wp\/v2\/tags?post=22146"}],"curies":[{"name":"wp","href":"https:\/\/api.w.org\/{rel}","templated":true}]}}