{"id":26675,"date":"2022-03-25T08:09:33","date_gmt":"2022-03-25T08:09:33","guid":{"rendered":"https:\/\/www.norsafe.pt\/?p=26675"},"modified":"2022-03-25T08:10:46","modified_gmt":"2022-03-25T08:10:46","slug":"o-capacete-de-protecao-a-diferenca-entre-a-vida-e-a-morte","status":"publish","type":"post","link":"https:\/\/earsnorsafe.ftpweb.dev\/en\/o-capacete-de-protecao-a-diferenca-entre-a-vida-e-a-morte\/","title":{"rendered":"The crash helmet - the difference between life and death!"},"content":{"rendered":"<p>The use of safety helmets is essential in certain activities and, in most cases, can mean the difference between life and death.<\/p>\n<p>Wearing a helmet correctly is one of the most important precautions against falling materials.<\/p>\n<p>The head and skull must always be protected!<\/p>\n<p>A small failure can lead to gigantic proportions, resulting in serious accidents that are ultimately fatal.<\/p>\n<p>The purpose of safety helmets is to protect the head and skull, but they can also protect other parts of the body, such as the face, neck and shoulders.<\/p>\n<p>Despite the undeniable risks of not using this type of equipment, many workers neglect to use it or use it incorrectly.<\/p>\n<p>Employers are responsible for providing instructions on the correct use of all safety equipment. On the other hand, workers must ensure that they clarify any doubts with their employers.<\/p>\n<p><a href=\"http:\/\/https:\/\/www.youtube.com\/watch?v=dt9HLgujo2c\">http:\/\/https:\/\/www.youtube.com\/watch?v=dt9HLgujo2c<\/a><\/p>\n<p>Safety starts with making the right choice. We often hear complaints about safety helmets, saying that they are \"cumbersome\", \"heavy\" and \"get in the way of the job\", thus favoring exposure to many risks and the possibility of accidents.<\/p>\n<p>Therefore, depending on the role of each professional, there are suitable protective helmets for each one.<\/p>\n<p>It is essential to note that protective helmets can be of two types: type I and type II.<\/p>\n<p>Type I helmets differ from type II helmets in that they do not have a visor and have a brim (the area around the shell) which can vary in size around the entire periphery of the helmet.<\/p>\n<p>&nbsp;<\/p>\n<p>Type I helmets are more commonly used in construction work (in general), while type II helmets are more suitable for excavation work in galleries or other jobs that require greater efficiency in protecting the back of the head from falling objects or electrical discharges.<\/p>\n<p>For example, aluminum alloy helmets used in firefighting should not be used in construction due to their electrical conductivity.<\/p>\n<p>&nbsp;<\/p>\n<p>Below are some examples of what you should look out for when maintaining your safety helmet:<\/p>\n<p>1\u00ba - Before use, the helmet must be inspected for defects in the shell and frame that could affect its protective capacity;<\/p>\n<p>2\u00ba - The helmet should be washed regularly, as dirt can hide defects;<\/p>\n<p>3\u00ba - A defective helmet should never be worn: when it has been hit hard (it should be destroyed as its protective capacity is compromised).<\/p>\n<p>&nbsp;<\/p>\n<p>Climatic variations, use and incorrect packaging cause the materials to age, i.e. they alter the physical and mechanical characteristics of the helmets, which is why periodic checks and tests should be carried out.<\/p>\n<p>&nbsp;<\/p>\n<p>NorSafe is a national reference in the field of safety at work, so we are able to help you equip all professionals to achieve better performance, clarify risks, rules, adjust helmets, etc.<\/p>\n<p>&nbsp;<\/p>\n<p>Visit us via the online store <a href=\"https:\/\/www.norsafe.pt\">www.norsafe.pt<\/a> and discover the wide range of protective helmets we have for you.<\/p>\n<p>&nbsp;<\/p>","protected":false},"excerpt":{"rendered":"<p>The use of safety helmets is essential in certain activities and, in most cases, can mean the difference [...]<\/p>","protected":false},"author":3,"featured_media":26678,"comment_status":"open","ping_status":"open","sticky":false,"template":"","format":"standard","meta":{"footnotes":"","_joinchat":[]},"categories":[1],"tags":[],"yoast_head":"<!-- This site is optimized with the Yoast SEO plugin v23.4 - https:\/\/yoast.com\/wordpress\/plugins\/seo\/ -->\n<title>O capacete de prote\u00e7\u00e3o \u2013 a diferen\u00e7a entre a vida e a morte! - NorSafe<\/title>\n<meta name=\"robots\" content=\"index, follow, max-snippet:-1, max-image-preview:large, max-video-preview:-1\" \/>\n<link rel=\"canonical\" href=\"https:\/\/earsnorsafe.ftpweb.dev\/en\/o-capacete-de-protecao-a-diferenca-entre-a-vida-e-a-morte\/\" \/>\n<meta property=\"og:locale\" content=\"en_GB\" \/>\n<meta property=\"og:type\" content=\"article\" \/>\n<meta property=\"og:title\" content=\"O capacete de prote\u00e7\u00e3o \u2013 a diferen\u00e7a entre a vida e a morte! - NorSafe\" \/>\n<meta property=\"og:description\" content=\"A utiliza\u00e7\u00e3o de capacetes de seguran\u00e7a \u00e9 imprescind\u00edvel em determinadas atividades e, na maioria dos casos, pode significar a diferen\u00e7a [&hellip;]\" \/>\n<meta property=\"og:url\" content=\"https:\/\/earsnorsafe.ftpweb.dev\/en\/o-capacete-de-protecao-a-diferenca-entre-a-vida-e-a-morte\/\" \/>\n<meta property=\"og:site_name\" content=\"NorSafe\" \/>\n<meta property=\"article:publisher\" content=\"https:\/\/www.facebook.com\/Norsafe.pt\/\" \/>\n<meta property=\"article:published_time\" content=\"2022-03-25T08:09:33+00:00\" \/>\n<meta property=\"article:modified_time\" content=\"2022-03-25T08:10:46+00:00\" \/>\n<meta property=\"og:image\" content=\"https:\/\/earsnorsafe.ftpweb.dev\/wp-content\/uploads\/2022\/03\/O-capacete-de-protecao-\u2013-a-diferenca-entre-a-vida-e-a-morte-1200PX-1-e1648195837536.jpg\" \/>\n\t<meta property=\"og:image:width\" content=\"800\" \/>\n\t<meta property=\"og:image:height\" content=\"419\" \/>\n\t<meta property=\"og:image:type\" content=\"image\/jpeg\" \/>\n<meta name=\"author\" content=\"Cl\u00e1udio Pedrosa\" \/>\n<meta name=\"twitter:card\" content=\"summary_large_image\" \/>\n<meta name=\"twitter:label1\" content=\"Written by\" \/>\n\t<meta name=\"twitter:data1\" content=\"Cl\u00e1udio Pedrosa\" \/>\n\t<meta name=\"twitter:label2\" content=\"Estimated reading time\" \/>\n\t<meta name=\"twitter:data2\" content=\"3 minutes\" \/>\n<script type=\"application\/ld+json\" class=\"yoast-schema-graph\">{\"@context\":\"https:\/\/schema.org\",\"@graph\":[{\"@type\":\"Article\",\"@id\":\"https:\/\/earsnorsafe.ftpweb.dev\/en\/o-capacete-de-protecao-a-diferenca-entre-a-vida-e-a-morte\/#article\",\"isPartOf\":{\"@id\":\"https:\/\/earsnorsafe.ftpweb.dev\/en\/o-capacete-de-protecao-a-diferenca-entre-a-vida-e-a-morte\/\"},\"author\":{\"name\":\"Cl\u00e1udio Pedrosa\",\"@id\":\"https:\/\/earsnorsafe.ftpweb.dev\/#\/schema\/person\/7ad40be093e6ca0dcac88c14763054d3\"},\"headline\":\"O capacete de prote\u00e7\u00e3o \u2013 a diferen\u00e7a entre a vida e a morte!\",\"datePublished\":\"2022-03-25T08:09:33+00:00\",\"dateModified\":\"2022-03-25T08:10:46+00:00\",\"mainEntityOfPage\":{\"@id\":\"https:\/\/earsnorsafe.ftpweb.dev\/en\/o-capacete-de-protecao-a-diferenca-entre-a-vida-e-a-morte\/\"},\"wordCount\":610,\"commentCount\":0,\"publisher\":{\"@id\":\"https:\/\/earsnorsafe.ftpweb.dev\/#organization\"},\"image\":{\"@id\":\"https:\/\/earsnorsafe.ftpweb.dev\/en\/o-capacete-de-protecao-a-diferenca-entre-a-vida-e-a-morte\/#primaryimage\"},\"thumbnailUrl\":\"https:\/\/earsnorsafe.ftpweb.dev\/wp-content\/uploads\/2022\/03\/O-capacete-de-protecao-\u2013-a-diferenca-entre-a-vida-e-a-morte-1200PX-1-e1648195837536.jpg\",\"articleSection\":[\"Uncategorized\"],\"inLanguage\":\"en-GB\",\"potentialAction\":[{\"@type\":\"CommentAction\",\"name\":\"Comment\",\"target\":[\"https:\/\/earsnorsafe.ftpweb.dev\/en\/o-capacete-de-protecao-a-diferenca-entre-a-vida-e-a-morte\/#respond\"]}]},{\"@type\":\"WebPage\",\"@id\":\"https:\/\/earsnorsafe.ftpweb.dev\/en\/o-capacete-de-protecao-a-diferenca-entre-a-vida-e-a-morte\/\",\"url\":\"https:\/\/earsnorsafe.ftpweb.dev\/en\/o-capacete-de-protecao-a-diferenca-entre-a-vida-e-a-morte\/\",\"name\":\"O capacete de prote\u00e7\u00e3o \u2013 a diferen\u00e7a entre a vida e a morte! - NorSafe\",\"isPartOf\":{\"@id\":\"https:\/\/earsnorsafe.ftpweb.dev\/#website\"},\"primaryImageOfPage\":{\"@id\":\"https:\/\/earsnorsafe.ftpweb.dev\/en\/o-capacete-de-protecao-a-diferenca-entre-a-vida-e-a-morte\/#primaryimage\"},\"image\":{\"@id\":\"https:\/\/earsnorsafe.ftpweb.dev\/en\/o-capacete-de-protecao-a-diferenca-entre-a-vida-e-a-morte\/#primaryimage\"},\"thumbnailUrl\":\"https:\/\/earsnorsafe.ftpweb.dev\/wp-content\/uploads\/2022\/03\/O-capacete-de-protecao-\u2013-a-diferenca-entre-a-vida-e-a-morte-1200PX-1-e1648195837536.jpg\",\"datePublished\":\"2022-03-25T08:09:33+00:00\",\"dateModified\":\"2022-03-25T08:10:46+00:00\",\"breadcrumb\":{\"@id\":\"https:\/\/earsnorsafe.ftpweb.dev\/en\/o-capacete-de-protecao-a-diferenca-entre-a-vida-e-a-morte\/#breadcrumb\"},\"inLanguage\":\"en-GB\",\"potentialAction\":[{\"@type\":\"ReadAction\",\"target\":[\"https:\/\/earsnorsafe.ftpweb.dev\/en\/o-capacete-de-protecao-a-diferenca-entre-a-vida-e-a-morte\/\"]}]},{\"@type\":\"ImageObject\",\"inLanguage\":\"en-GB\",\"@id\":\"https:\/\/earsnorsafe.ftpweb.dev\/en\/o-capacete-de-protecao-a-diferenca-entre-a-vida-e-a-morte\/#primaryimage\",\"url\":\"https:\/\/earsnorsafe.ftpweb.dev\/wp-content\/uploads\/2022\/03\/O-capacete-de-protecao-\u2013-a-diferenca-entre-a-vida-e-a-morte-1200PX-1-e1648195837536.jpg\",\"contentUrl\":\"https:\/\/earsnorsafe.ftpweb.dev\/wp-content\/uploads\/2022\/03\/O-capacete-de-protecao-\u2013-a-diferenca-entre-a-vida-e-a-morte-1200PX-1-e1648195837536.jpg\",\"width\":800,\"height\":419},{\"@type\":\"BreadcrumbList\",\"@id\":\"https:\/\/earsnorsafe.ftpweb.dev\/en\/o-capacete-de-protecao-a-diferenca-entre-a-vida-e-a-morte\/#breadcrumb\",\"itemListElement\":[{\"@type\":\"ListItem\",\"position\":1,\"name\":\"Home\",\"item\":\"https:\/\/earsnorsafe.ftpweb.dev\/\"},{\"@type\":\"ListItem\",\"position\":2,\"name\":\"O capacete de prote\u00e7\u00e3o \u2013 a diferen\u00e7a entre a vida e a morte!\"}]},{\"@type\":\"WebSite\",\"@id\":\"https:\/\/earsnorsafe.ftpweb.dev\/#website\",\"url\":\"https:\/\/earsnorsafe.ftpweb.dev\/\",\"name\":\"NorSafe\",\"description\":\"Equipamento de Prote\u00e7\u00e3o Individual (EPI)\",\"publisher\":{\"@id\":\"https:\/\/earsnorsafe.ftpweb.dev\/#organization\"},\"potentialAction\":[{\"@type\":\"SearchAction\",\"target\":{\"@type\":\"EntryPoint\",\"urlTemplate\":\"https:\/\/earsnorsafe.ftpweb.dev\/?s={search_term_string}\"},\"query-input\":{\"@type\":\"PropertyValueSpecification\",\"valueRequired\":true,\"valueName\":\"search_term_string\"}}],\"inLanguage\":\"en-GB\"},{\"@type\":\"Organization\",\"@id\":\"https:\/\/earsnorsafe.ftpweb.dev\/#organization\",\"name\":\"NORSAFE - We Protect\",\"url\":\"https:\/\/earsnorsafe.ftpweb.dev\/\",\"logo\":{\"@type\":\"ImageObject\",\"inLanguage\":\"en-GB\",\"@id\":\"https:\/\/earsnorsafe.ftpweb.dev\/#\/schema\/logo\/image\/\",\"url\":\"https:\/\/www.norsafe.pt\/wp-content\/uploads\/2021\/03\/Logo-NorSafe-Cor-Original.png\",\"contentUrl\":\"https:\/\/www.norsafe.pt\/wp-content\/uploads\/2021\/03\/Logo-NorSafe-Cor-Original.png\",\"width\":908,\"height\":603,\"caption\":\"NORSAFE - We Protect\"},\"image\":{\"@id\":\"https:\/\/earsnorsafe.ftpweb.dev\/#\/schema\/logo\/image\/\"},\"sameAs\":[\"https:\/\/www.facebook.com\/Norsafe.pt\/\",\"https:\/\/www.instagram.com\/norsafe.lda\",\"https:\/\/pt.linkedin.com\/company\/norsafe-lda\",\"https:\/\/www.youtube.com\/channel\/UCC93zqoQaAs2ugjBq9SeINA\"]},{\"@type\":\"Person\",\"@id\":\"https:\/\/earsnorsafe.ftpweb.dev\/#\/schema\/person\/7ad40be093e6ca0dcac88c14763054d3\",\"name\":\"Cl\u00e1udio Pedrosa\",\"image\":{\"@type\":\"ImageObject\",\"inLanguage\":\"en-GB\",\"@id\":\"https:\/\/earsnorsafe.ftpweb.dev\/#\/schema\/person\/image\/\",\"url\":\"https:\/\/secure.gravatar.com\/avatar\/439773712d6073d5db0336caba9b57c4?s=96&d=mm&r=g\",\"contentUrl\":\"https:\/\/secure.gravatar.com\/avatar\/439773712d6073d5db0336caba9b57c4?s=96&d=mm&r=g\",\"caption\":\"Cl\u00e1udio Pedrosa\"},\"url\":\"https:\/\/earsnorsafe.ftpweb.dev\/en\/author\/claudio\/\"}]}<\/script>\n<!-- \/ Yoast SEO plugin. -->","yoast_head_json":{"title":"O capacete de prote\u00e7\u00e3o \u2013 a diferen\u00e7a entre a vida e a morte! - NorSafe","robots":{"index":"index","follow":"follow","max-snippet":"max-snippet:-1","max-image-preview":"max-image-preview:large","max-video-preview":"max-video-preview:-1"},"canonical":"https:\/\/earsnorsafe.ftpweb.dev\/en\/o-capacete-de-protecao-a-diferenca-entre-a-vida-e-a-morte\/","og_locale":"en_GB","og_type":"article","og_title":"O capacete de prote\u00e7\u00e3o \u2013 a diferen\u00e7a entre a vida e a morte! - NorSafe","og_description":"A utiliza\u00e7\u00e3o de capacetes de seguran\u00e7a \u00e9 imprescind\u00edvel em determinadas atividades e, na maioria dos casos, pode significar a diferen\u00e7a [&hellip;]","og_url":"https:\/\/earsnorsafe.ftpweb.dev\/en\/o-capacete-de-protecao-a-diferenca-entre-a-vida-e-a-morte\/","og_site_name":"NorSafe","article_publisher":"https:\/\/www.facebook.com\/Norsafe.pt\/","article_published_time":"2022-03-25T08:09:33+00:00","article_modified_time":"2022-03-25T08:10:46+00:00","og_image":[{"width":800,"height":419,"url":"https:\/\/earsnorsafe.ftpweb.dev\/wp-content\/uploads\/2022\/03\/O-capacete-de-protecao-\u2013-a-diferenca-entre-a-vida-e-a-morte-1200PX-1-e1648195837536.jpg","type":"image\/jpeg"}],"author":"Cl\u00e1udio Pedrosa","twitter_card":"summary_large_image","twitter_misc":{"Written by":"Cl\u00e1udio Pedrosa","Estimated reading time":"3 minutes"},"schema":{"@context":"https:\/\/schema.org","@graph":[{"@type":"Article","@id":"https:\/\/earsnorsafe.ftpweb.dev\/en\/o-capacete-de-protecao-a-diferenca-entre-a-vida-e-a-morte\/#article","isPartOf":{"@id":"https:\/\/earsnorsafe.ftpweb.dev\/en\/o-capacete-de-protecao-a-diferenca-entre-a-vida-e-a-morte\/"},"author":{"name":"Cl\u00e1udio Pedrosa","@id":"https:\/\/earsnorsafe.ftpweb.dev\/#\/schema\/person\/7ad40be093e6ca0dcac88c14763054d3"},"headline":"O capacete de prote\u00e7\u00e3o \u2013 a diferen\u00e7a entre a vida e a morte!","datePublished":"2022-03-25T08:09:33+00:00","dateModified":"2022-03-25T08:10:46+00:00","mainEntityOfPage":{"@id":"https:\/\/earsnorsafe.ftpweb.dev\/en\/o-capacete-de-protecao-a-diferenca-entre-a-vida-e-a-morte\/"},"wordCount":610,"commentCount":0,"publisher":{"@id":"https:\/\/earsnorsafe.ftpweb.dev\/#organization"},"image":{"@id":"https:\/\/earsnorsafe.ftpweb.dev\/en\/o-capacete-de-protecao-a-diferenca-entre-a-vida-e-a-morte\/#primaryimage"},"thumbnailUrl":"https:\/\/earsnorsafe.ftpweb.dev\/wp-content\/uploads\/2022\/03\/O-capacete-de-protecao-\u2013-a-diferenca-entre-a-vida-e-a-morte-1200PX-1-e1648195837536.jpg","articleSection":["Uncategorized"],"inLanguage":"en-GB","potentialAction":[{"@type":"CommentAction","name":"Comment","target":["https:\/\/earsnorsafe.ftpweb.dev\/en\/o-capacete-de-protecao-a-diferenca-entre-a-vida-e-a-morte\/#respond"]}]},{"@type":"WebPage","@id":"https:\/\/earsnorsafe.ftpweb.dev\/en\/o-capacete-de-protecao-a-diferenca-entre-a-vida-e-a-morte\/","url":"https:\/\/earsnorsafe.ftpweb.dev\/en\/o-capacete-de-protecao-a-diferenca-entre-a-vida-e-a-morte\/","name":"O capacete de prote\u00e7\u00e3o \u2013 a diferen\u00e7a entre a vida e a morte! - NorSafe","isPartOf":{"@id":"https:\/\/earsnorsafe.ftpweb.dev\/#website"},"primaryImageOfPage":{"@id":"https:\/\/earsnorsafe.ftpweb.dev\/en\/o-capacete-de-protecao-a-diferenca-entre-a-vida-e-a-morte\/#primaryimage"},"image":{"@id":"https:\/\/earsnorsafe.ftpweb.dev\/en\/o-capacete-de-protecao-a-diferenca-entre-a-vida-e-a-morte\/#primaryimage"},"thumbnailUrl":"https:\/\/earsnorsafe.ftpweb.dev\/wp-content\/uploads\/2022\/03\/O-capacete-de-protecao-\u2013-a-diferenca-entre-a-vida-e-a-morte-1200PX-1-e1648195837536.jpg","datePublished":"2022-03-25T08:09:33+00:00","dateModified":"2022-03-25T08:10:46+00:00","breadcrumb":{"@id":"https:\/\/earsnorsafe.ftpweb.dev\/en\/o-capacete-de-protecao-a-diferenca-entre-a-vida-e-a-morte\/#breadcrumb"},"inLanguage":"en-GB","potentialAction":[{"@type":"ReadAction","target":["https:\/\/earsnorsafe.ftpweb.dev\/en\/o-capacete-de-protecao-a-diferenca-entre-a-vida-e-a-morte\/"]}]},{"@type":"ImageObject","inLanguage":"en-GB","@id":"https:\/\/earsnorsafe.ftpweb.dev\/en\/o-capacete-de-protecao-a-diferenca-entre-a-vida-e-a-morte\/#primaryimage","url":"https:\/\/earsnorsafe.ftpweb.dev\/wp-content\/uploads\/2022\/03\/O-capacete-de-protecao-\u2013-a-diferenca-entre-a-vida-e-a-morte-1200PX-1-e1648195837536.jpg","contentUrl":"https:\/\/earsnorsafe.ftpweb.dev\/wp-content\/uploads\/2022\/03\/O-capacete-de-protecao-\u2013-a-diferenca-entre-a-vida-e-a-morte-1200PX-1-e1648195837536.jpg","width":800,"height":419},{"@type":"BreadcrumbList","@id":"https:\/\/earsnorsafe.ftpweb.dev\/en\/o-capacete-de-protecao-a-diferenca-entre-a-vida-e-a-morte\/#breadcrumb","itemListElement":[{"@type":"ListItem","position":1,"name":"Home","item":"https:\/\/earsnorsafe.ftpweb.dev\/"},{"@type":"ListItem","position":2,"name":"O capacete de prote\u00e7\u00e3o \u2013 a diferen\u00e7a entre a vida e a morte!"}]},{"@type":"WebSite","@id":"https:\/\/earsnorsafe.ftpweb.dev\/#website","url":"https:\/\/earsnorsafe.ftpweb.dev\/","name":"NorSafe","description":"Equipamento de Prote\u00e7\u00e3o Individual (EPI)","publisher":{"@id":"https:\/\/earsnorsafe.ftpweb.dev\/#organization"},"potentialAction":[{"@type":"SearchAction","target":{"@type":"EntryPoint","urlTemplate":"https:\/\/earsnorsafe.ftpweb.dev\/?s={search_term_string}"},"query-input":{"@type":"PropertyValueSpecification","valueRequired":true,"valueName":"search_term_string"}}],"inLanguage":"en-GB"},{"@type":"Organization","@id":"https:\/\/earsnorsafe.ftpweb.dev\/#organization","name":"NORSAFE - We Protect","url":"https:\/\/earsnorsafe.ftpweb.dev\/","logo":{"@type":"ImageObject","inLanguage":"en-GB","@id":"https:\/\/earsnorsafe.ftpweb.dev\/#\/schema\/logo\/image\/","url":"https:\/\/www.norsafe.pt\/wp-content\/uploads\/2021\/03\/Logo-NorSafe-Cor-Original.png","contentUrl":"https:\/\/www.norsafe.pt\/wp-content\/uploads\/2021\/03\/Logo-NorSafe-Cor-Original.png","width":908,"height":603,"caption":"NORSAFE - We Protect"},"image":{"@id":"https:\/\/earsnorsafe.ftpweb.dev\/#\/schema\/logo\/image\/"},"sameAs":["https:\/\/www.facebook.com\/Norsafe.pt\/","https:\/\/www.instagram.com\/norsafe.lda","https:\/\/pt.linkedin.com\/company\/norsafe-lda","https:\/\/www.youtube.com\/channel\/UCC93zqoQaAs2ugjBq9SeINA"]},{"@type":"Person","@id":"https:\/\/earsnorsafe.ftpweb.dev\/#\/schema\/person\/7ad40be093e6ca0dcac88c14763054d3","name":"Cl\u00e1udio Pedrosa","image":{"@type":"ImageObject","inLanguage":"en-GB","@id":"https:\/\/earsnorsafe.ftpweb.dev\/#\/schema\/person\/image\/","url":"https:\/\/secure.gravatar.com\/avatar\/439773712d6073d5db0336caba9b57c4?s=96&d=mm&r=g","contentUrl":"https:\/\/secure.gravatar.com\/avatar\/439773712d6073d5db0336caba9b57c4?s=96&d=mm&r=g","caption":"Cl\u00e1udio Pedrosa"},"url":"https:\/\/earsnorsafe.ftpweb.dev\/en\/author\/claudio\/"}]}},"_links":{"self":[{"href":"https:\/\/earsnorsafe.ftpweb.dev\/en\/wp-json\/wp\/v2\/posts\/26675"}],"collection":[{"href":"https:\/\/earsnorsafe.ftpweb.dev\/en\/wp-json\/wp\/v2\/posts"}],"about":[{"href":"https:\/\/earsnorsafe.ftpweb.dev\/en\/wp-json\/wp\/v2\/types\/post"}],"author":[{"embeddable":true,"href":"https:\/\/earsnorsafe.ftpweb.dev\/en\/wp-json\/wp\/v2\/users\/3"}],"replies":[{"embeddable":true,"href":"https:\/\/earsnorsafe.ftpweb.dev\/en\/wp-json\/wp\/v2\/comments?post=26675"}],"version-history":[{"count":0,"href":"https:\/\/earsnorsafe.ftpweb.dev\/en\/wp-json\/wp\/v2\/posts\/26675\/revisions"}],"wp:featuredmedia":[{"embeddable":true,"href":"https:\/\/earsnorsafe.ftpweb.dev\/en\/wp-json\/wp\/v2\/media\/26678"}],"wp:attachment":[{"href":"https:\/\/earsnorsafe.ftpweb.dev\/en\/wp-json\/wp\/v2\/media?parent=26675"}],"wp:term":[{"taxonomy":"category","embeddable":true,"href":"https:\/\/earsnorsafe.ftpweb.dev\/en\/wp-json\/wp\/v2\/categories?post=26675"},{"taxonomy":"post_tag","embeddable":true,"href":"https:\/\/earsnorsafe.ftpweb.dev\/en\/wp-json\/wp\/v2\/tags?post=26675"}],"curies":[{"name":"wp","href":"https:\/\/api.w.org\/{rel}","templated":true}]}}